{"id":2470,"date":"2020-09-03T03:17:30","date_gmt":"2020-09-03T01:17:30","guid":{"rendered":"https:\/\/pimeef.predev.eu\/attract-and-retain-quality-high-paying-customers\/"},"modified":"2023-11-20T23:06:35","modified_gmt":"2023-11-20T21:06:35","slug":"pimeef-inicia-las-acciones-del-plan-de-dinamizacion-del-comercio-de-la-isla","status":"publish","type":"post","link":"https:\/\/comerciodeibiza.com\/es\/pimeef-inicia-las-acciones-del-plan-de-dinamizacion-del-comercio-de-la-isla\/","title":{"rendered":"PIMEEF inicia las acciones del Plan de Dinamizaci\u00f3n del comercio de la isla"},"content":{"rendered":"\n<p>Las acciones se desarrollar\u00e1n gracias a un convenio firmado con el Consell d&#8217;Eivissa.<\/p>\n\n\n\n<p>FUENTE:&nbsp;<a href=\"https:\/\/www.ondacero.es\/emisoras\/baleares\/ibiza\/noticias\/consell-deivissa-impulsa-modernizacion-tejido-empresarial-isla-traves-pimeef_2023081464d9fdb4714dff0001076e06.html\" target=\"_blank\" rel=\"noreferrer noopener\">ONDA CERO IBIZA Y FORMENTERA<\/a>, 14 AGOSTO 2023<\/p>\n\n\n\n<p>El Consell d&#8217;Eivissa impulsa la modernizaci\u00f3n del tejido empresarial de la isla a trav\u00e9s de la PIMEEF<br>La Peque\u00f1a y Mediana Empresa de Eivissa y Formentera, a trav\u00e9s del convenio firmado el pasado mes de mayo con el Consell Insular de Eivissa, por un importe de 90.000 euros, ya est\u00e1 trabajando en las diferentes acciones para la dinamizaci\u00f3n del comercio local en la isla de Ibiza<\/p>\n\n\n\n<p>Onda Cero Ibiza y Formentera<br>La Peque\u00f1a y Mediana Empresa de Eivissa y Formentera, a trav\u00e9s del convenio firmado el pasado mes de mayo con el Consell Insular de Eivissa, por un importe de 90.000 euros, ya est\u00e1 trabajando en las diferentes acciones para la dinamizaci\u00f3n del comercio local en la isla de Ibiza.<\/p>\n\n\n\n<p>Una de las primeras l\u00edneas de trabajo que han puesto en marcha es la realizaci\u00f3n de un informe de madurez digital de las empresas en Ibiza como herramienta para analizar su situaci\u00f3n actual y darle pautas para iniciar, en caso de que sea necesario , su camino hacia la transformaci\u00f3n digital. Se trata de una encuesta online que permitir\u00e1 a la PIMEEF disponer de datos para dar a cada uno de los participantes en el estudio, recomendaciones y claves para avanzar en su transformaci\u00f3n digital dependiendo de la fase en la que se encuentren. Este estudio se est\u00e1 realizando tanto a nivel insular. Una vez concluido este informe, se har\u00e1 una presentaci\u00f3n y publicaci\u00f3n oficial de los datos obtenidos, a trav\u00e9s de un foro integrado por todas las instituciones locales para realizar planes de actuaciones consensuados.<\/p>\n\n\n\n<p>La consejera del Departamento de Promoci\u00f3n Empresarial y Cooperaci\u00f3n Municipal, Mar\u00eda Fajarn\u00e9s, ha valorado muy positivamente la puesta en marcha de este convenio \u201cque nos permite, mediante el trabajo de una entidad tan solvente y con experiencia como es PIMEEF, poner en marcha acciones encaminadas a mejorar el tejido comercial de la isla ya modernizarlo\u201d. Por su parte, la secretaria general de PIMEEF, M\u00aa \u00c0ngels Mar\u00ed, ha destacado \u201clo importante que es conocer el estado de madurez digital del tejido comercial y del sector empresarial de Eivissa para poder proponer actuaciones adecuadas que nos ayuden a fomentar nuestro tejido empresarial\u201d.<\/p>\n","protected":false},"excerpt":{"rendered":"<p>Lorem ipsum dolor sit amet, cibo mundi ea duo, vim exerci phaedrum.<\/p>\n","protected":false},"author":2,"featured_media":4173,"comment_status":"closed","ping_status":"closed","sticky":false,"template":"","format":"standard","meta":{"footnotes":""},"categories":[72,65],"tags":[],"class_list":["post-2470","post","type-post","status-publish","format-standard","has-post-thumbnail","hentry","category-comercio","category-negocios"],"_links":{"self":[{"href":"https:\/\/comerciodeibiza.com\/es\/wp-json\/wp\/v2\/posts\/2470","targetHints":{"allow":["GET"]}}],"collection":[{"href":"https:\/\/comerciodeibiza.com\/es\/wp-json\/wp\/v2\/posts"}],"about":[{"href":"https:\/\/comerciodeibiza.com\/es\/wp-json\/wp\/v2\/types\/post"}],"author":[{"embeddable":true,"href":"https:\/\/comerciodeibiza.com\/es\/wp-json\/wp\/v2\/users\/2"}],"replies":[{"embeddable":true,"href":"https:\/\/comerciodeibiza.com\/es\/wp-json\/wp\/v2\/comments?post=2470"}],"version-history":[{"count":5,"href":"https:\/\/comerciodeibiza.com\/es\/wp-json\/wp\/v2\/posts\/2470\/revisions"}],"predecessor-version":[{"id":4177,"href":"https:\/\/comerciodeibiza.com\/es\/wp-json\/wp\/v2\/posts\/2470\/revisions\/4177"}],"wp:featuredmedia":[{"embeddable":true,"href":"https:\/\/comerciodeibiza.com\/es\/wp-json\/wp\/v2\/media\/4173"}],"wp:attachment":[{"href":"https:\/\/comerciodeibiza.com\/es\/wp-json\/wp\/v2\/media?parent=2470"}],"wp:term":[{"taxonomy":"category","embeddable":true,"href":"https:\/\/comerciodeibiza.com\/es\/wp-json\/wp\/v2\/categories?post=2470"},{"taxonomy":"post_tag","embeddable":true,"href":"https:\/\/comerciodeibiza.com\/es\/wp-json\/wp\/v2\/tags?post=2470"}],"curies":[{"name":"wp","href":"https:\/\/api.w.org\/{rel}","templated":true}]}}