{"id":2478,"date":"2020-09-03T03:16:54","date_gmt":"2020-09-03T01:16:54","guid":{"rendered":"https:\/\/pimeef.predev.eu\/future-where-technology-creates-good-jobs\/"},"modified":"2023-09-13T10:52:47","modified_gmt":"2023-09-13T08:52:47","slug":"reactivacion-de-la-tarjeta-de-fidelizacion-de-clientes-para-el-comercio","status":"publish","type":"post","link":"https:\/\/comerciodeibiza.com\/es\/reactivacion-de-la-tarjeta-de-fidelizacion-de-clientes-para-el-comercio\/","title":{"rendered":"Reactivaci\u00f3n de la tarjeta de fidelizaci\u00f3n de clientes para el comercio"},"content":{"rendered":"\n<p>El proyecto se retoma tras verse aplazado por la pandemia.<\/p>\n\n\n\n<p>Esta ma\u00f1ana en la sede de PIMEEF se ha expuesto a diversos empresarios del sector comercial el proyecto de reactivaci\u00f3n de la Tarjeta de Fidelizaci\u00f3n de Clientes, que se vio frenado en 2020 por la pandemia del Covid.<\/p>\n\n\n\n<p>La Asociaci\u00f3n de Comercio de PIMEEF promueve este proyecto y lo desarrollar\u00e1 mediante una subvenci\u00f3n del Govern Balear a trav\u00e9s del Fondo Tecnol\u00f3gico para el programa de modernizaci\u00f3n del comercio, en el marco del Plan de Recuperaci\u00f3n, Transformaci\u00f3n y Resiliencia financiado por la Uni\u00f3n Europea (NextGenerationUE).<\/p>\n\n\n\n<p>El objetivo del proyecto es continuar con la implantaci\u00f3n del sistema de fidelizaci\u00f3n de clientes en los peque\u00f1os comercios de la isla de Ibiza mediante una herramienta que permitir\u00e1 a los peque\u00f1os comercios fidelizar a sus clientes y potenciar las ventas en sus establecimientos. As\u00ed, mediante el uso de esta tarjeta, los consumidores podr\u00e1n obtener descuentos al realizar sus compras en los comercios. Estos descuentos podr\u00e1n posteriormente canjearlos al realizar nuevas compras en los establecimientos adheridos a esta tarjeta de fidelizaci\u00f3n, de tal manera que se cree una red de comercios que incite a los clientes a realizar sus compras en ellos, produci\u00e9ndose un circuito de compras muy interesante para el consumidor y de ventas para el peque\u00f1o comercio insular.<\/p>\n","protected":false},"excerpt":{"rendered":"<p>El proyecto se retoma tras verse aplazado por la pandemia. Esta ma\u00f1ana en la sede de PIMEEF se ha expuesto a diversos empresarios del sector comercial el proyecto de reactivaci\u00f3n [&hellip;]<\/p>\n","protected":false},"author":2,"featured_media":4183,"comment_status":"closed","ping_status":"closed","sticky":false,"template":"","format":"standard","meta":{"footnotes":""},"categories":[72],"tags":[],"class_list":["post-2478","post","type-post","status-publish","format-standard","has-post-thumbnail","hentry","category-comercio"],"_links":{"self":[{"href":"https:\/\/comerciodeibiza.com\/es\/wp-json\/wp\/v2\/posts\/2478","targetHints":{"allow":["GET"]}}],"collection":[{"href":"https:\/\/comerciodeibiza.com\/es\/wp-json\/wp\/v2\/posts"}],"about":[{"href":"https:\/\/comerciodeibiza.com\/es\/wp-json\/wp\/v2\/types\/post"}],"author":[{"embeddable":true,"href":"https:\/\/comerciodeibiza.com\/es\/wp-json\/wp\/v2\/users\/2"}],"replies":[{"embeddable":true,"href":"https:\/\/comerciodeibiza.com\/es\/wp-json\/wp\/v2\/comments?post=2478"}],"version-history":[{"count":5,"href":"https:\/\/comerciodeibiza.com\/es\/wp-json\/wp\/v2\/posts\/2478\/revisions"}],"predecessor-version":[{"id":4185,"href":"https:\/\/comerciodeibiza.com\/es\/wp-json\/wp\/v2\/posts\/2478\/revisions\/4185"}],"wp:featuredmedia":[{"embeddable":true,"href":"https:\/\/comerciodeibiza.com\/es\/wp-json\/wp\/v2\/media\/4183"}],"wp:attachment":[{"href":"https:\/\/comerciodeibiza.com\/es\/wp-json\/wp\/v2\/media?parent=2478"}],"wp:term":[{"taxonomy":"category","embeddable":true,"href":"https:\/\/comerciodeibiza.com\/es\/wp-json\/wp\/v2\/categories?post=2478"},{"taxonomy":"post_tag","embeddable":true,"href":"https:\/\/comerciodeibiza.com\/es\/wp-json\/wp\/v2\/tags?post=2478"}],"curies":[{"name":"wp","href":"https:\/\/api.w.org\/{rel}","templated":true}]}}