{"id":4256,"date":"2023-09-28T12:12:00","date_gmt":"2023-09-28T10:12:00","guid":{"rendered":"https:\/\/comerciodeibiza.com\/?p=4256"},"modified":"2023-11-20T23:06:35","modified_gmt":"2023-11-20T21:06:35","slug":"visita-del-conseller-dempresa-ocupacio-i-energia-del-govern-balear-alejandro-saenz-de-san-pedro-a-pimeef","status":"publish","type":"post","link":"https:\/\/comerciodeibiza.com\/es\/visita-del-conseller-dempresa-ocupacio-i-energia-del-govern-balear-alejandro-saenz-de-san-pedro-a-pimeef\/","title":{"rendered":"Visita del Conseller d&#8217;Empresa, Ocupaci\u00f3 i Energia del Govern Balear, Alejandro S\u00e1enz de San Pedro, a PIMEEF"},"content":{"rendered":"\n<p>PIMEEF y Govern Balear han realizado un an\u00e1lisis de la situaci\u00f3n empresarial en Ibiza. Desde PIMEEF se ha expuesto la necesidad de una optimizaci\u00f3n de los pol\u00edgonos industriales en la isla, mientras que por su parte el Govern se ha comprometido a elaborar una ley de pol\u00edgonos industriales que facilite su ordenaci\u00f3n y modernizaci\u00f3n. Asimismo se ha tratado la dif\u00edcil situaci\u00f3n del sector del peque\u00f1o comercio y la modernizaci\u00f3n energ\u00e9tica. Por \u00faltimo, ambas partes han acordado mantener una amplia fluidez comunicativa.<\/p>\n","protected":false},"excerpt":{"rendered":"<p>PIMEEF y Govern Balear han realizado un an\u00e1lisis de la situaci\u00f3n empresarial en Ibiza. Desde PIMEEF se ha expuesto la necesidad de una optimizaci\u00f3n de los pol\u00edgonos industriales en la [&hellip;]<\/p>\n","protected":false},"author":3,"featured_media":4257,"comment_status":"closed","ping_status":"open","sticky":false,"template":"","format":"standard","meta":{"footnotes":""},"categories":[72],"tags":[],"class_list":["post-4256","post","type-post","status-publish","format-standard","has-post-thumbnail","hentry","category-comercio"],"_links":{"self":[{"href":"https:\/\/comerciodeibiza.com\/es\/wp-json\/wp\/v2\/posts\/4256","targetHints":{"allow":["GET"]}}],"collection":[{"href":"https:\/\/comerciodeibiza.com\/es\/wp-json\/wp\/v2\/posts"}],"about":[{"href":"https:\/\/comerciodeibiza.com\/es\/wp-json\/wp\/v2\/types\/post"}],"author":[{"embeddable":true,"href":"https:\/\/comerciodeibiza.com\/es\/wp-json\/wp\/v2\/users\/3"}],"replies":[{"embeddable":true,"href":"https:\/\/comerciodeibiza.com\/es\/wp-json\/wp\/v2\/comments?post=4256"}],"version-history":[{"count":1,"href":"https:\/\/comerciodeibiza.com\/es\/wp-json\/wp\/v2\/posts\/4256\/revisions"}],"predecessor-version":[{"id":4259,"href":"https:\/\/comerciodeibiza.com\/es\/wp-json\/wp\/v2\/posts\/4256\/revisions\/4259"}],"wp:featuredmedia":[{"embeddable":true,"href":"https:\/\/comerciodeibiza.com\/es\/wp-json\/wp\/v2\/media\/4257"}],"wp:attachment":[{"href":"https:\/\/comerciodeibiza.com\/es\/wp-json\/wp\/v2\/media?parent=4256"}],"wp:term":[{"taxonomy":"category","embeddable":true,"href":"https:\/\/comerciodeibiza.com\/es\/wp-json\/wp\/v2\/categories?post=4256"},{"taxonomy":"post_tag","embeddable":true,"href":"https:\/\/comerciodeibiza.com\/es\/wp-json\/wp\/v2\/tags?post=4256"}],"curies":[{"name":"wp","href":"https:\/\/api.w.org\/{rel}","templated":true}]}}