{"id":4266,"date":"2023-10-07T13:03:30","date_gmt":"2023-10-07T11:03:30","guid":{"rendered":"https:\/\/comerciodeibiza.com\/?p=4266"},"modified":"2023-11-20T23:06:35","modified_gmt":"2023-11-20T21:06:35","slug":"la-cbc-exige-al-govern-unos-presupuestos-para-el-comercio-mas-realistas","status":"publish","type":"post","link":"https:\/\/comerciodeibiza.com\/es\/la-cbc-exige-al-govern-unos-presupuestos-para-el-comercio-mas-realistas\/","title":{"rendered":"La CBC exige al Govern unos presupuestos para el comercio m\u00e1s realistas"},"content":{"rendered":"\n<p>La Directiva de la CBC en pleno se ha reunido con el director general de Comercio, Jos\u00e9 Antonio Cald\u00e9s, para abordar la problem\u00e1tica en general del comercio de Baleares<\/p>\n\n\n\n<p>La Confederaci\u00f3n Balear de Comercio (CBC), presidida por Mateo Cunill, se ha reunido con el director general de Comercio del Govern Balear, Jos\u00e9 Antonio Cald\u00e9s, para explicarle la situaci\u00f3n del sector en Baleares.<\/p>\n\n\n\n<p>En esta confederaci\u00f3n de comercio est\u00e1n integradas las organizaciones m\u00e1s representativas del comercio de las Islas en los t\u00e9rminos en los que se refiere la Ley de Comercio de Baleares. Concretamente; AFEDECO y PIMECO por Mallorca, ASCOME, por Menorca, y PIMEEF y PIMEEF, por Ibiza y Formentera.<\/p>\n\n\n\n<p>Cunill ha insistido al director general del Govern en la necesidad de impulsar el dato en el sector del comercio, que no debe olvidarse que en volumen de empleo estable y en volumen de negocio ocupa el primer puesto de la actividad productiva de Baleares, un sector que supone el 16% de las empresas de Baleares y con una importante participaci\u00f3n en el valor a\u00f1adido o PIB regional con cerca del 12%. Todos estos datos exigen un mayor estudio del sector a la hora de aplicar pol\u00edticas encaminadas a su mejora. En este sentido el sector tiene un d\u00e9ficit muy importante.<\/p>\n\n\n\n<p>La primera demanda que se le hace a la conselleria es que esa importancia del sector se vea realmente traducida en la pr\u00f3xima Ley de Presupuestos, puesto que hasta la fecha los que se asignan al sector comercio no responden para nada a la realidad y necesidades del sector. Desde la CBC su presidente afirma \u201cque los presupuestos son la primera norma de un gobierno y es la norma que refleja la importancia o no que ese sector tiene para el gobierno de turno. En este sentido hay un d\u00e9ficit muy grande que debe corregirse\u201d, recuerda Mateo Cunill. \u201cIncluso en empleo al ser el primer sector en volumen de empleo estable no precisa ni el subsidio del Estado, como s\u00ed ocurre con el sector tur\u00edstico que goza mayoritariamente de 4-6 meses de subsidio de desempleo para sus trabajadores fijos discontinuos. Es decir, supone un importante coste para la Administraci\u00f3n\u201d ha aseverado el presidente de la CBC.<\/p>\n\n\n\n<p>Aparte el observatorio tambi\u00e9n se solicit\u00f3 una formaci\u00f3n m\u00e1s ajustada a las reales necesidades del sector. En estos momentos existe un grave problema en encontrar personal para el comercio, ya no digamos en personal cualificado.<\/p>\n\n\n\n<p>Desde la CBC se ha hecho especial hincapi\u00e9 en la cruzada que se ha iniciado contra la desleal competencia que se ejerce por parte del comercio online de las grandes plataformas, hasta el punto que se present\u00f3 en abril de este a\u00f1o una denuncia ante la CNMV (Comisi\u00f3n Nacional de Mercados y Valores) contra una de esas empresa, en concreto Amazon, por abuso de posici\u00f3n dominante, por no pagar impuestos en Espa\u00f1a, por no observar toda la legislaci\u00f3n a la que est\u00e1n sujetas todas las empresas que operan aqu\u00ed, medioambientalmente, de residuos s\u00f3lidos, laboral etc.<\/p>\n\n\n\n<p>Desde la CBC se insiste en la libre econom\u00eda de mercado y en la libertad de empresa pero dentro de un marco de igualdad de condiciones para competir, lo que a d\u00eda de hoy no se produce. Por ejemplo, EEUU, pa\u00eds que no es sospechoso de no ser el m\u00e1s liberal de todos, ha actuado con contundencia contra una de sus empresas de origen Amazon. En Italia, por citar otro ejemplo, tambi\u00e9n ha sido contundente contra dicha actuaci\u00f3n desleal. Desde la CBC se espera que la Uni\u00f3n Europea rectifique y act\u00fae en consecuencia y para ello es necesario que todos los estamentos pol\u00edticos, empezando por los de Baleares, inicien acciones tendentes a resolver esa injusta y claramente concurrente y desleal actuaci\u00f3n de estas enormes plataformas de venta online.<\/p>\n","protected":false},"excerpt":{"rendered":"<p>La Directiva de la CBC en pleno se ha reunido con el director general de Comercio, Jos\u00e9 Antonio Cald\u00e9s, para abordar la problem\u00e1tica en general del comercio de Baleares La [&hellip;]<\/p>\n","protected":false},"author":3,"featured_media":4264,"comment_status":"closed","ping_status":"open","sticky":false,"template":"","format":"standard","meta":{"footnotes":""},"categories":[72],"tags":[],"class_list":["post-4266","post","type-post","status-publish","format-standard","has-post-thumbnail","hentry","category-comercio"],"_links":{"self":[{"href":"https:\/\/comerciodeibiza.com\/es\/wp-json\/wp\/v2\/posts\/4266","targetHints":{"allow":["GET"]}}],"collection":[{"href":"https:\/\/comerciodeibiza.com\/es\/wp-json\/wp\/v2\/posts"}],"about":[{"href":"https:\/\/comerciodeibiza.com\/es\/wp-json\/wp\/v2\/types\/post"}],"author":[{"embeddable":true,"href":"https:\/\/comerciodeibiza.com\/es\/wp-json\/wp\/v2\/users\/3"}],"replies":[{"embeddable":true,"href":"https:\/\/comerciodeibiza.com\/es\/wp-json\/wp\/v2\/comments?post=4266"}],"version-history":[{"count":1,"href":"https:\/\/comerciodeibiza.com\/es\/wp-json\/wp\/v2\/posts\/4266\/revisions"}],"predecessor-version":[{"id":4267,"href":"https:\/\/comerciodeibiza.com\/es\/wp-json\/wp\/v2\/posts\/4266\/revisions\/4267"}],"wp:featuredmedia":[{"embeddable":true,"href":"https:\/\/comerciodeibiza.com\/es\/wp-json\/wp\/v2\/media\/4264"}],"wp:attachment":[{"href":"https:\/\/comerciodeibiza.com\/es\/wp-json\/wp\/v2\/media?parent=4266"}],"wp:term":[{"taxonomy":"category","embeddable":true,"href":"https:\/\/comerciodeibiza.com\/es\/wp-json\/wp\/v2\/categories?post=4266"},{"taxonomy":"post_tag","embeddable":true,"href":"https:\/\/comerciodeibiza.com\/es\/wp-json\/wp\/v2\/tags?post=4266"}],"curies":[{"name":"wp","href":"https:\/\/api.w.org\/{rel}","templated":true}]}}