{"id":4307,"date":"2023-11-23T14:44:40","date_gmt":"2023-11-23T12:44:40","guid":{"rendered":"https:\/\/comerciodeibiza.com\/?p=4307"},"modified":"2023-11-28T14:46:39","modified_gmt":"2023-11-28T12:46:39","slug":"presentacion-campana-de-navidad-del-comercio-de-pimeef-23-24","status":"publish","type":"post","link":"https:\/\/comerciodeibiza.com\/es\/presentacion-campana-de-navidad-del-comercio-de-pimeef-23-24\/","title":{"rendered":"Presentaci\u00f3n campa\u00f1a de Navidad del Comercio de PIMEEF 23-24"},"content":{"rendered":"\n<p>La 14\u00aa edici\u00f3n de la campa\u00f1a de los 6.000 euros en compras se abre con el Black Friday. FOTO: PIMEEF.<\/p>\n\n\n\n<figure class=\"wp-block-image\"><img decoding=\"async\" src=\"https:\/\/www.pimeef.com\/images\/2023-11-23presentacion6000euros.jpg\" alt=\"\"\/><\/figure>\n\n\n\n<p>La Asociaci\u00f3n de Comercio de PIMEEF, juntamente con el Consell d\u2019Eivissa y los diferentes Ayuntamientos de la isla, organiza la DECIMOCUARTA edici\u00f3n de la campa\u00f1a comercial de Navidad de los 6.000 \u20ac para gastar en compras en un d\u00eda entre los comercios participantes.<br>La finalidad de esta campa\u00f1a comercial es dinamizar las compras del periodo navide\u00f1o, haciendo coincidir su inicio con el \u00faltimo viernes del mes de noviembre o BLACK FRIDAY produci\u00e9ndose as\u00ed el pistoletazo de salida de este periodo de compras tan importante para el comercio minorista. Junto con estas dos campa\u00f1as tambi\u00e9n se est\u00e1 reactivando la tarjeta de fidelizaci\u00f3n de clientes 100x100comer\u00e7 local Eivissa, que acumula descuentos en euros para canjearlos en futuras compras entre los comercios participantes.<\/p>\n\n\n\n<p>Estas tres campa\u00f1as comerciales son promocionada en las redes sociales de PIMEEF Comer\u00e7:<br>* Instagram: @PIMEEF_COMER\u00c7<br>* Facebook: @Pimeef_Comercio<br>* X (antes Twitter): @Pimeef_Comercio<\/p>\n\n\n\n<p>La campa\u00f1a se basar\u00e1 en la confecci\u00f3n de 55.000 boletos que llevar\u00e1n impresos el logotipo del comercio que entreg\u00f3 el premio el a\u00f1o pasado (CARNICER\u00cdA PEPITA Y EMILIO) que se regalar\u00e1n a los clientes por las compras realizadas en los establecimientos comerciales adheridos.<br>La campa\u00f1a comenzar\u00e1 a partir del VIERNES 24 DE NOVIEMBRE 2023 y se podr\u00e1n regalar boletos a los clientes hasta el MARTES 9 DE ENERO DE 2024, fecha tope para que el comercio entregue los boletos a PIMEEF. El SORTEO SE REALIZAR\u00c1 EL VIERNES 12 DE ENERO EN PIMEEF.<br>El agraciado con los 6.000 \u20ac deber\u00e1 gastarse un importe m\u00ednimo de 200 y un m\u00e1ximo de 600 en el comercio que d\u00e9 el premio y tendr\u00e1 una semana para pensar c\u00f3mo se lo gasta en un d\u00eda entre los diferentes comercios participantes, acto que estar\u00e1 seguido en directo por los medios de comunicaci\u00f3n locales.<\/p>\n","protected":false},"excerpt":{"rendered":"<p>La 14\u00aa edici\u00f3n de la campa\u00f1a de los 6.000 euros en compras se abre con el Black Friday. FOTO: PIMEEF. La Asociaci\u00f3n de Comercio de PIMEEF, juntamente con el Consell [&hellip;]<\/p>\n","protected":false},"author":3,"featured_media":4305,"comment_status":"closed","ping_status":"open","sticky":false,"template":"","format":"standard","meta":{"footnotes":""},"categories":[71,72],"tags":[],"class_list":["post-4307","post","type-post","status-publish","format-standard","has-post-thumbnail","hentry","category-campanas-comerciales-2","category-comercio"],"_links":{"self":[{"href":"https:\/\/comerciodeibiza.com\/es\/wp-json\/wp\/v2\/posts\/4307","targetHints":{"allow":["GET"]}}],"collection":[{"href":"https:\/\/comerciodeibiza.com\/es\/wp-json\/wp\/v2\/posts"}],"about":[{"href":"https:\/\/comerciodeibiza.com\/es\/wp-json\/wp\/v2\/types\/post"}],"author":[{"embeddable":true,"href":"https:\/\/comerciodeibiza.com\/es\/wp-json\/wp\/v2\/users\/3"}],"replies":[{"embeddable":true,"href":"https:\/\/comerciodeibiza.com\/es\/wp-json\/wp\/v2\/comments?post=4307"}],"version-history":[{"count":1,"href":"https:\/\/comerciodeibiza.com\/es\/wp-json\/wp\/v2\/posts\/4307\/revisions"}],"predecessor-version":[{"id":4308,"href":"https:\/\/comerciodeibiza.com\/es\/wp-json\/wp\/v2\/posts\/4307\/revisions\/4308"}],"wp:featuredmedia":[{"embeddable":true,"href":"https:\/\/comerciodeibiza.com\/es\/wp-json\/wp\/v2\/media\/4305"}],"wp:attachment":[{"href":"https:\/\/comerciodeibiza.com\/es\/wp-json\/wp\/v2\/media?parent=4307"}],"wp:term":[{"taxonomy":"category","embeddable":true,"href":"https:\/\/comerciodeibiza.com\/es\/wp-json\/wp\/v2\/categories?post=4307"},{"taxonomy":"post_tag","embeddable":true,"href":"https:\/\/comerciodeibiza.com\/es\/wp-json\/wp\/v2\/tags?post=4307"}],"curies":[{"name":"wp","href":"https:\/\/api.w.org\/{rel}","templated":true}]}}