{"id":4317,"date":"2024-11-28T11:29:00","date_gmt":"2024-11-28T09:29:00","guid":{"rendered":"https:\/\/comerciodeibiza.com\/?p=4317"},"modified":"2024-11-29T14:16:58","modified_gmt":"2024-11-29T12:16:58","slug":"vuelve-la-campana-navidena-de-pimeef-6-000-euros-para-gastar-en-un-dia","status":"publish","type":"post","link":"https:\/\/comerciodeibiza.com\/es\/vuelve-la-campana-navidena-de-pimeef-6-000-euros-para-gastar-en-un-dia\/","title":{"rendered":"Vuelve la campa\u00f1a navide\u00f1a de PIMEEF: 6.000 euros para gastar en un d\u00eda"},"content":{"rendered":"\n<p>La campa\u00f1a se present\u00f3 ayer en la sede de PIMEEF con la presencia de diversos representantes del Consell y de los Ayuntamientos. FOTO: PIMEEF.<\/p>\n\n\n\n<figure class=\"wp-block-image size-full\"><img loading=\"lazy\" decoding=\"async\" width=\"800\" height=\"458\" src=\"https:\/\/comerciodeibiza.com\/wp-content\/uploads\/2020\/09\/2024-11-27prescamp6000euros.jpg\" alt=\"\" class=\"wp-image-4314\" srcset=\"https:\/\/comerciodeibiza.com\/wp-content\/uploads\/2020\/09\/2024-11-27prescamp6000euros.jpg 800w, https:\/\/comerciodeibiza.com\/wp-content\/uploads\/2020\/09\/2024-11-27prescamp6000euros-768x440.jpg 768w\" sizes=\"auto, (max-width: 800px) 100vw, 800px\" \/><\/figure>\n\n\n\n<p>FUENTE:&nbsp;<a href=\"https:\/\/www.periodicodeibiza.es\/pitiusas\/ibiza\/2024\/11\/27\/2282649\/vuelve-campana-navidena-pimeef-6000-euros-para-gastar-dia.html\" target=\"_blank\" rel=\"noreferrer noopener\">PERI\u00d3DICO DE IBIZA Y FORMENTERA<\/a>, 28 NOVIEMBRE 2024<\/p>\n\n\n\n<p>Marina Yeste<br>La Asociaci\u00f3n de Comercio de Pimeef, en colaboraci\u00f3n con el Consell de Ibiza y los cinco ayuntamientos de la isla, ha inaugurado este mi\u00e9rcoles en su sede la XV edici\u00f3n de la campa\u00f1a de promoci\u00f3n comercial de Navidad.<\/p>\n\n\n\n<p>Una iniciativa que ya se ha convertido en una de las m\u00e1s esperadas por los vecinos y comerciantes de Ibiza y que, como cada a\u00f1o, ofrece un suculento premio de 6.000\u20ac para el ganador que podr\u00e1 gastarlo en un \u00fanico d\u00eda en los comercios adheridos.\u2006 \u2006<\/p>\n\n\n\n<p>\u00abPara nosotros es una alegr\u00eda poder lanzar cada a\u00f1o esta campa\u00f1a. Es la iniciativa que m\u00e1s ilusi\u00f3n genera en nuestra asociaci\u00f3n\u00bb, se\u00f1al\u00f3 Jos\u00e9 Javier Mar\u00ed, presidente de Pimeef, a\u00f1adiendo que \u00abtanto clientes como comerciantes est\u00e1n encantados de participar\u00bb. En este sentido, Mar\u00ed destac\u00f3 que esta campa\u00f1a, que se lleva organizando 15 a\u00f1os, tiene como objetivo dinamizar las compras navide\u00f1as y fomentar el consumo en el peque\u00f1o comercio.<\/p>\n\n\n\n<p>6.000 euros en un d\u00eda<br>En esta ocasi\u00f3n, la campa\u00f1a contar\u00e1 con 55.000 boletos que a partir de este viernes, coincidiendo con el popular Black Friday, dispondr\u00e1n en los m\u00e1s de 150 comercios adheridos a Pimeef. Los clientes podr\u00e1n hacerse con un boleto por cada compra realizada, sin m\u00ednimo de importe, hasta el pr\u00f3ximo 7 de enero de 2025, 3 d\u00edas antes de conocer al ganador en la sede de la entidad. \u00abNoviembre suele ser un mes muy tranquilo en el comercio minorista, pero esta campa\u00f1a que coincide con el Black Friday, disparan las ventas en m\u00e1s de un 10% comparado con jornadas anteriores. Los clientes est\u00e1n concentrando sus compras en los d\u00edas de descuentos, y esto supone un alivio para los comercios\u00bb, matiz\u00f3 Mar\u00ed que adem\u00e1s ha asegurado que esta semana \u00abse est\u00e1 viendo m\u00e1s movimiento y afluencia de gente\u00bb que la semana pasada y que desde el lunes \u00abse ha notado una ligera mejora en ventas\u00bb.<\/p>\n\n\n\n<p>Como ya es tradici\u00f3n en esta campa\u00f1a navide\u00f1a, el ganador del sorteo dispondr\u00e1 de un \u00fanico d\u00eda, el pr\u00f3ximo 24 de enero, para gastar los 6.000 euros en cualquier comercio participante, con un importe m\u00ednimo de 200 euros y un m\u00e1ximo de 600 euros por comercio. \u00abCon esto enviamos un mensaje a toda la gente que est\u00e9 pensando en hacer las compras navide\u00f1as: compra en el peque\u00f1o comercio de Ibiza que, en definitiva, es uno de nuestros motores econ\u00f3micos y da vida a nuestros barrios y ciudades\u00bb, explic\u00f3 la consellera Mar\u00eda Fajarn\u00e9s en rueda de prensa.<\/p>\n\n\n\n<figure class=\"wp-block-embed is-type-video is-provider-youtube wp-block-embed-youtube wp-embed-aspect-16-9 wp-has-aspect-ratio\"><div class=\"wp-block-embed__wrapper\">\n<iframe loading=\"lazy\" title=\"Presentaci\u00f3n Campa\u00f1a de Navidad del Comercio de PIMEEF - 6.000 euros en compras (TEF, 27-11-2024)\" width=\"900\" height=\"506\" src=\"https:\/\/www.youtube.com\/embed\/pRVf-b7Vp8o?feature=oembed\" frameborder=\"0\" allow=\"accelerometer; autoplay; clipboard-write; encrypted-media; gyroscope; picture-in-picture; web-share\" referrerpolicy=\"strict-origin-when-cross-origin\" allowfullscreen><\/iframe>\n<\/div><\/figure>\n","protected":false},"excerpt":{"rendered":"<p>La campa\u00f1a se present\u00f3 ayer en la sede de PIMEEF con la presencia de diversos representantes del Consell y de los Ayuntamientos. FOTO: PIMEEF. FUENTE:&nbsp;PERI\u00d3DICO DE IBIZA Y FORMENTERA, 28 [&hellip;]<\/p>\n","protected":false},"author":3,"featured_media":4314,"comment_status":"closed","ping_status":"open","sticky":false,"template":"","format":"standard","meta":{"footnotes":""},"categories":[71,72],"tags":[],"class_list":["post-4317","post","type-post","status-publish","format-standard","has-post-thumbnail","hentry","category-campanas-comerciales-2","category-comercio"],"_links":{"self":[{"href":"https:\/\/comerciodeibiza.com\/es\/wp-json\/wp\/v2\/posts\/4317","targetHints":{"allow":["GET"]}}],"collection":[{"href":"https:\/\/comerciodeibiza.com\/es\/wp-json\/wp\/v2\/posts"}],"about":[{"href":"https:\/\/comerciodeibiza.com\/es\/wp-json\/wp\/v2\/types\/post"}],"author":[{"embeddable":true,"href":"https:\/\/comerciodeibiza.com\/es\/wp-json\/wp\/v2\/users\/3"}],"replies":[{"embeddable":true,"href":"https:\/\/comerciodeibiza.com\/es\/wp-json\/wp\/v2\/comments?post=4317"}],"version-history":[{"count":2,"href":"https:\/\/comerciodeibiza.com\/es\/wp-json\/wp\/v2\/posts\/4317\/revisions"}],"predecessor-version":[{"id":4322,"href":"https:\/\/comerciodeibiza.com\/es\/wp-json\/wp\/v2\/posts\/4317\/revisions\/4322"}],"wp:featuredmedia":[{"embeddable":true,"href":"https:\/\/comerciodeibiza.com\/es\/wp-json\/wp\/v2\/media\/4314"}],"wp:attachment":[{"href":"https:\/\/comerciodeibiza.com\/es\/wp-json\/wp\/v2\/media?parent=4317"}],"wp:term":[{"taxonomy":"category","embeddable":true,"href":"https:\/\/comerciodeibiza.com\/es\/wp-json\/wp\/v2\/categories?post=4317"},{"taxonomy":"post_tag","embeddable":true,"href":"https:\/\/comerciodeibiza.com\/es\/wp-json\/wp\/v2\/tags?post=4317"}],"curies":[{"name":"wp","href":"https:\/\/api.w.org\/{rel}","templated":true}]}}