{"id":4327,"date":"2024-12-11T13:33:49","date_gmt":"2024-12-11T11:33:49","guid":{"rendered":"https:\/\/comerciodeibiza.com\/?p=4327"},"modified":"2024-12-12T13:45:38","modified_gmt":"2024-12-12T11:45:38","slug":"reactivan-la-plataforma-som-comerc-para-impulsar-el-pequeno-comercio","status":"publish","type":"post","link":"https:\/\/comerciodeibiza.com\/es\/reactivan-la-plataforma-som-comerc-para-impulsar-el-pequeno-comercio\/","title":{"rendered":"Reactivan la plataforma &#8216;Som Comer\u00e7&#8217; para impulsar el peque\u00f1o comercio"},"content":{"rendered":"\n<p>El objetivo es fidelizar a los clientes del comercio de proximidad de la isla. FOTO: Consell d&#8217;Eivissa<\/p>\n\n\n\n<figure class=\"wp-block-image size-large\"><img loading=\"lazy\" decoding=\"async\" width=\"1024\" height=\"683\" src=\"https:\/\/comerciodeibiza.com\/wp-content\/uploads\/2020\/09\/10-12-2024CIE-Presentacion-Som-Comerc-1024x683.jpg\" alt=\"\" class=\"wp-image-4324\" srcset=\"https:\/\/comerciodeibiza.com\/wp-content\/uploads\/2020\/09\/10-12-2024CIE-Presentacion-Som-Comerc-1024x683.jpg 1024w, https:\/\/comerciodeibiza.com\/wp-content\/uploads\/2020\/09\/10-12-2024CIE-Presentacion-Som-Comerc-768x512.jpg 768w, https:\/\/comerciodeibiza.com\/wp-content\/uploads\/2020\/09\/10-12-2024CIE-Presentacion-Som-Comerc-600x400.jpg 600w\" sizes=\"auto, (max-width: 1024px) 100vw, 1024px\" \/><\/figure>\n\n\n\n<p>FUENTE: <a href=\"https:\/\/www.periodicodeibiza.es\/pitiusas\/ibiza\/2024\/12\/10\/2289195\/reactivan-platforma-som-comerc-100-eivissa.html\">PERI\u00d3DICO DE IBIZA Y FORMENTERA<\/a>, 11 DICIEMBRE 2024<\/p>\n\n\n\n<p>R.I.<br>El Consell Insular de Ibiza y la Pimeef (Peque\u00f1a y Mediana Empresa de Ibiza y Formentera) han presentado este martes la reactivaci\u00f3n de la plataforma \u2018Som Comer\u00e7 100% Eivissa\u2019 as\u00ed como su renovada imagen, una herramienta para fidelizar a los clientes de los peque\u00f1os comercios y de proximidad de la isla de Ibiza.<\/p>\n\n\n\n<p>Tal y como ha explicado la consellera del Departamento de Promoci\u00f3n Econ\u00f3mica y Cooperaci\u00f3n Municipal, Mar\u00eda Fajarn\u00e9s, esta plataforma surgi\u00f3 en 2020, durante la crisis sanitaria del Covid-19, en colaboraci\u00f3n con Pimeef y los ayuntamientos de la isla, para dar \u00abun empuj\u00f3n a la actividad comercial de nuestra isla y funci\u00f3n muy bien\u00bb. Ahora, se ha fusionado esta plataforma con la tarjeta de fidelizaci\u00f3n comercial de Pimeef y se ha reactivado a trav\u00e9s de la app \u2018Som Comer\u00e7\u2019 con el objetivo de dinamizar la actividad comercial en la isla.<\/p>\n\n\n\n<p>Esta plataforma, tambi\u00e9n estar\u00e1 a disposici\u00f3n de los cinco ayuntamientos de la isla para que puedan llevar a cabo campa\u00f1as de dinamizaci\u00f3n comercial y de los comercios para que puedan promover descuentos y realizar acciones propias. \u00abLo que queremos es sumar fuerzas para mantener vivo el sector comercial de Ibiza\u00bb, ha se\u00f1alado Fajarn\u00e9s. \u00abEl peque\u00f1o comercio hace grande nuestra isla y tenemos que hacer esfuerzos por proteger y favorecer la actividad de los peque\u00f1os comercios\u00bb, ha concluido la consellera.<\/p>\n\n\n\n<p>Para dar la bienvenida a esta renovaci\u00f3n de la plataforma \u2018Som Comer\u00e7 100% Eivissa\u2019 han escogido una fecha se\u00f1alada como es la Navidad, una de las campa\u00f1as fuertes para el comercio de la isla, y se ha reforzado con una acci\u00f3n de v\u00eddeos en las redes sociales de \u2018Som Comer\u00e7\u2019.<\/p>\n\n\n\n<p>El presidente de la Asociaci\u00f3n de Comercio de la Pimeef, Jos\u00e9 Javier Mar\u00ed, ha explicado que se trata de una plataforma de fidelizaci\u00f3n enfocada a que los comercios puedan ofrecer descuentos y ventajas a los clientes y as\u00ed premiar su fidelidad. Los usuarios deber\u00e1n descargarse la aplicaci\u00f3n \u2018Som Comer\u00e7\u2019 y con sus compras en los establecimientos adheridos recibir\u00e1n un 3 % de descuento que se ir\u00e1 acumulando en la tarjeta virtual hasta que el propio consumidor decida cambiarlo en compras. Mar\u00ed ha explicado que los comercios interesados y que no est\u00e1n dentro de la plataforma pueden sumarse a esta iniciativa. \u00abEsta plataforma debe ser una herramienta de v\u00ednculo, de comunicaci\u00f3n y de uni\u00f3n del comercio\u00bb, ha remarcado Jos\u00e9 Javier Mar\u00ed.<\/p>\n\n\n\n<p>A la presentaci\u00f3n han asistido los concejales de Comercio de los ayuntamientos de Ibiza, Santa Eul\u00e0ria, Sant Josep, Sant Antoni y Sant Joan (Alex Minchiotti, Miguel Tur, Lourdes Mar\u00ed, Miguel Tur y Javier Torres, respectivamente).<\/p>\n\n\n\n<p><\/p>\n","protected":false},"excerpt":{"rendered":"<p>El objetivo es fidelizar a los clientes del comercio de proximidad de la isla. FOTO: Consell d&#8217;Eivissa FUENTE: PERI\u00d3DICO DE IBIZA Y FORMENTERA, 11 DICIEMBRE 2024 R.I.El Consell Insular de [&hellip;]<\/p>\n","protected":false},"author":3,"featured_media":4324,"comment_status":"closed","ping_status":"open","sticky":false,"template":"","format":"standard","meta":{"footnotes":""},"categories":[71,72],"tags":[],"class_list":["post-4327","post","type-post","status-publish","format-standard","has-post-thumbnail","hentry","category-campanas-comerciales-2","category-comercio"],"_links":{"self":[{"href":"https:\/\/comerciodeibiza.com\/es\/wp-json\/wp\/v2\/posts\/4327","targetHints":{"allow":["GET"]}}],"collection":[{"href":"https:\/\/comerciodeibiza.com\/es\/wp-json\/wp\/v2\/posts"}],"about":[{"href":"https:\/\/comerciodeibiza.com\/es\/wp-json\/wp\/v2\/types\/post"}],"author":[{"embeddable":true,"href":"https:\/\/comerciodeibiza.com\/es\/wp-json\/wp\/v2\/users\/3"}],"replies":[{"embeddable":true,"href":"https:\/\/comerciodeibiza.com\/es\/wp-json\/wp\/v2\/comments?post=4327"}],"version-history":[{"count":3,"href":"https:\/\/comerciodeibiza.com\/es\/wp-json\/wp\/v2\/posts\/4327\/revisions"}],"predecessor-version":[{"id":4333,"href":"https:\/\/comerciodeibiza.com\/es\/wp-json\/wp\/v2\/posts\/4327\/revisions\/4333"}],"wp:featuredmedia":[{"embeddable":true,"href":"https:\/\/comerciodeibiza.com\/es\/wp-json\/wp\/v2\/media\/4324"}],"wp:attachment":[{"href":"https:\/\/comerciodeibiza.com\/es\/wp-json\/wp\/v2\/media?parent=4327"}],"wp:term":[{"taxonomy":"category","embeddable":true,"href":"https:\/\/comerciodeibiza.com\/es\/wp-json\/wp\/v2\/categories?post=4327"},{"taxonomy":"post_tag","embeddable":true,"href":"https:\/\/comerciodeibiza.com\/es\/wp-json\/wp\/v2\/tags?post=4327"}],"curies":[{"name":"wp","href":"https:\/\/api.w.org\/{rel}","templated":true}]}}