{"id":4360,"date":"2025-01-30T13:57:41","date_gmt":"2025-01-30T11:57:41","guid":{"rendered":"https:\/\/comerciodeibiza.com\/?p=4360"},"modified":"2025-01-31T13:58:32","modified_gmt":"2025-01-31T11:58:32","slug":"reactivacion-de-la-tarjeta-de-fidelizacion-de-clientes-del-comercio-de-pimeef","status":"publish","type":"post","link":"https:\/\/comerciodeibiza.com\/es\/reactivacion-de-la-tarjeta-de-fidelizacion-de-clientes-del-comercio-de-pimeef\/","title":{"rendered":"Reactivaci\u00f3n de la tarjeta de fidelizaci\u00f3n de clientes del Comercio de PIMEEF"},"content":{"rendered":"\n<figure class=\"wp-block-image size-full\"><img loading=\"lazy\" decoding=\"async\" width=\"600\" height=\"450\" src=\"https:\/\/comerciodeibiza.com\/wp-content\/uploads\/2020\/09\/2025-01-30Charlatarjetacomercio.jpg\" alt=\"\" class=\"wp-image-4357\"\/><\/figure>\n\n\n\n<p>Esta ma\u00f1ana en la sede de PIMEEF se ha expuesto a diversos comerciantes el proyecto de reactivaci\u00f3n de la Tarjeta de Fidelizaci\u00f3n de Clientes \u201cS\u00f3m Comer\u00e7 \u2013 100% Eivissa\u201d, que est\u00e1 financiada por el Consell d\u2019Eivissa, y que incluye una aplicaci\u00f3n para m\u00f3vil tanto en Android como en IOS.<\/p>\n\n\n\n<p>La Asociaci\u00f3n de Comercio de PIMEEF promueve este proyecto y lo desarrollar\u00e1 mediante la implantaci\u00f3n del sistema de fidelizaci\u00f3n de clientes en los peque\u00f1os comercios de la isla de Ibiza mediante una herramienta que permitir\u00e1 a los peque\u00f1os comercios fidelizar a sus clientes y potenciar las ventas en sus establecimientos. As\u00ed, mediante el uso de esta tarjeta, los consumidores podr\u00e1n obtener descuentos al realizar sus compras en los comercios (un 3%). Estos descuentos podr\u00e1n posteriormente canjearlos al realizar nuevas compras en los establecimientos adheridos a esta tarjeta de fidelizaci\u00f3n, de tal manera que se cree una red de comercios que incite a los clientes a realizar sus compras en ellos, produci\u00e9ndose un circuito de compras muy interesante para el consumidor y de ventas para el peque\u00f1o comercio insular.<\/p>\n\n\n\n<p>A partir del pr\u00f3ximo lunes, y en aquellos establecimientos que tengan la pegatina de \u201cS\u00f3m Comer\u00e7 \u2013 100% Eivissa\u201d, los clientes podr\u00e1n obtener gratuitamente una bolsa de tela donde guardar sus compras.<\/p>\n\n\n\n<p>La Asociaci\u00f3n de Comercio de PIMEEF realizar\u00e1 charlas informativas peri\u00f3dicas en toda la isla para que el uso de esta tarjeta se extienda a todo el sector comercial de Eivissa.<\/p>\n\n\n\n<figure class=\"wp-block-image size-full\"><img loading=\"lazy\" decoding=\"async\" width=\"800\" height=\"800\" src=\"https:\/\/comerciodeibiza.com\/wp-content\/uploads\/2020\/09\/2025-01-30pegatinasomcom.jpg\" alt=\"\" class=\"wp-image-4359\" srcset=\"https:\/\/comerciodeibiza.com\/wp-content\/uploads\/2020\/09\/2025-01-30pegatinasomcom.jpg 800w, https:\/\/comerciodeibiza.com\/wp-content\/uploads\/2020\/09\/2025-01-30pegatinasomcom-600x600.jpg 600w, https:\/\/comerciodeibiza.com\/wp-content\/uploads\/2020\/09\/2025-01-30pegatinasomcom-180x180.jpg 180w, https:\/\/comerciodeibiza.com\/wp-content\/uploads\/2020\/09\/2025-01-30pegatinasomcom-768x768.jpg 768w\" sizes=\"auto, (max-width: 800px) 100vw, 800px\" \/><\/figure>\n","protected":false},"excerpt":{"rendered":"<p>Esta ma\u00f1ana en la sede de PIMEEF se ha expuesto a diversos comerciantes el proyecto de reactivaci\u00f3n de la Tarjeta de Fidelizaci\u00f3n de Clientes \u201cS\u00f3m Comer\u00e7 \u2013 100% Eivissa\u201d, que [&hellip;]<\/p>\n","protected":false},"author":3,"featured_media":4357,"comment_status":"closed","ping_status":"open","sticky":false,"template":"","format":"standard","meta":{"footnotes":""},"categories":[71,72],"tags":[],"class_list":["post-4360","post","type-post","status-publish","format-standard","has-post-thumbnail","hentry","category-campanas-comerciales-2","category-comercio"],"_links":{"self":[{"href":"https:\/\/comerciodeibiza.com\/es\/wp-json\/wp\/v2\/posts\/4360","targetHints":{"allow":["GET"]}}],"collection":[{"href":"https:\/\/comerciodeibiza.com\/es\/wp-json\/wp\/v2\/posts"}],"about":[{"href":"https:\/\/comerciodeibiza.com\/es\/wp-json\/wp\/v2\/types\/post"}],"author":[{"embeddable":true,"href":"https:\/\/comerciodeibiza.com\/es\/wp-json\/wp\/v2\/users\/3"}],"replies":[{"embeddable":true,"href":"https:\/\/comerciodeibiza.com\/es\/wp-json\/wp\/v2\/comments?post=4360"}],"version-history":[{"count":1,"href":"https:\/\/comerciodeibiza.com\/es\/wp-json\/wp\/v2\/posts\/4360\/revisions"}],"predecessor-version":[{"id":4361,"href":"https:\/\/comerciodeibiza.com\/es\/wp-json\/wp\/v2\/posts\/4360\/revisions\/4361"}],"wp:featuredmedia":[{"embeddable":true,"href":"https:\/\/comerciodeibiza.com\/es\/wp-json\/wp\/v2\/media\/4357"}],"wp:attachment":[{"href":"https:\/\/comerciodeibiza.com\/es\/wp-json\/wp\/v2\/media?parent=4360"}],"wp:term":[{"taxonomy":"category","embeddable":true,"href":"https:\/\/comerciodeibiza.com\/es\/wp-json\/wp\/v2\/categories?post=4360"},{"taxonomy":"post_tag","embeddable":true,"href":"https:\/\/comerciodeibiza.com\/es\/wp-json\/wp\/v2\/tags?post=4360"}],"curies":[{"name":"wp","href":"https:\/\/api.w.org\/{rel}","templated":true}]}}