{"id":4373,"date":"2025-03-06T17:44:00","date_gmt":"2025-03-06T15:44:00","guid":{"rendered":"https:\/\/comerciodeibiza.com\/?p=4373"},"modified":"2025-03-28T12:46:59","modified_gmt":"2025-03-28T10:46:59","slug":"reunion-del-sector-del-comercio-con-el-senador-juanjo-ferrer","status":"publish","type":"post","link":"https:\/\/comerciodeibiza.com\/es\/reunion-del-sector-del-comercio-con-el-senador-juanjo-ferrer\/","title":{"rendered":"Reuni\u00f3n del sector del Comercio con el Senador Juanjo Ferrer"},"content":{"rendered":"\n<figure class=\"wp-block-image size-full\"><img loading=\"lazy\" decoding=\"async\" width=\"600\" height=\"395\" src=\"https:\/\/comerciodeibiza.com\/wp-content\/uploads\/2020\/09\/2025-03-06reuninSenadorJuanjoFerrer.jpg\" alt=\"\" class=\"wp-image-4372\"\/><\/figure>\n\n\n\n<p>Representantes del sector Comercio de PIMEEF se han reunido hoy con el Senador por Eivissa y Formentera, Juanjo Ferrer, para abordar los retos a los que se enfrenta al sector en las islas. En el encuentro han participado el presidente de la Asociaci\u00f3n de Comercio, Jos\u00e9 Javier Mar\u00ed; un representante del Comit\u00e9 Ejecutivo de PIMEEF, Daniel Ram\u00f3n, y el t\u00e9cnico de Comercio, Vicent Tur. Uno de los asuntos que m\u00e1s preocupa a los peque\u00f1os y medios comerciantes es la falta de trabajadoras y trabajadoras a causa del grave problema de la vivienda. Adem\u00e1s, en muchos casos se trata de personas con poca formaci\u00f3n, a lo que hay que a\u00f1adir los problemas de absentismo laboral. Esta situaci\u00f3n compleja hace que ahora mismo no haya relevo generacional en el sector. El senador ha explicado brevemente las iniciativas en que est\u00e1 trabajando para aportar soluciones a la crisis residencial.<\/p>\n\n\n\n<p>Otro tema que se ha puesto sobre la mesa es la competencia de las grandes plataformas online, sobre todo las que env\u00edan desde China. El sector empresarial se\u00f1ala que es un modelo totalmente desleal, que los deja en situaci\u00f3n de indefensi\u00f3n. Juanjo Ferrer ha explicado que la Comisi\u00f3n Europea ya ha dado luz verde al cobro de aranceles de aduanas en todas estas importaciones -hasta ahora estaban exentas hasta los 150 euros- y ha destacado que se debe seguir haciendo trabajo, con campa\u00f1as de concienciaci\u00f3n en la poblaci\u00f3n. En Espa\u00f1a el 34% de las transacciones online de comercio son a trav\u00e9s de plataformas chinas, frente al 10-12% de la media europea.<\/p>\n\n\n\n<p>Tambi\u00e9n se ha hablado de las ayudas a la modernizaci\u00f3n del sector, que se valoran como muy positivas, y de las campa\u00f1as que impulsa al Govern para fomentar el comercio de proximidad. Por \u00faltimo, los empresarios han mostrado su preocupaci\u00f3n por los cambios en el sistema de facturaci\u00f3n, que implica un aumento de la burocracia, y tambi\u00e9n por la reducci\u00f3n de jornada laboral, que aseguran perjudica m\u00e1s al peque\u00f1o comerciante. Por su parte, el Senador se ha comprometido a reunirse con responsables del Ministerio de Econom\u00eda, Comercio y Empresa para trasladarles los principales problemas que aborda el sector.<\/p>\n","protected":false},"excerpt":{"rendered":"<p>Representantes del sector Comercio de PIMEEF se han reunido hoy con el Senador por Eivissa y Formentera, Juanjo Ferrer, para abordar los retos a los que se enfrenta al sector [&hellip;]<\/p>\n","protected":false},"author":3,"featured_media":4372,"comment_status":"closed","ping_status":"open","sticky":false,"template":"","format":"standard","meta":{"footnotes":""},"categories":[72],"tags":[],"class_list":["post-4373","post","type-post","status-publish","format-standard","has-post-thumbnail","hentry","category-comercio"],"_links":{"self":[{"href":"https:\/\/comerciodeibiza.com\/es\/wp-json\/wp\/v2\/posts\/4373","targetHints":{"allow":["GET"]}}],"collection":[{"href":"https:\/\/comerciodeibiza.com\/es\/wp-json\/wp\/v2\/posts"}],"about":[{"href":"https:\/\/comerciodeibiza.com\/es\/wp-json\/wp\/v2\/types\/post"}],"author":[{"embeddable":true,"href":"https:\/\/comerciodeibiza.com\/es\/wp-json\/wp\/v2\/users\/3"}],"replies":[{"embeddable":true,"href":"https:\/\/comerciodeibiza.com\/es\/wp-json\/wp\/v2\/comments?post=4373"}],"version-history":[{"count":1,"href":"https:\/\/comerciodeibiza.com\/es\/wp-json\/wp\/v2\/posts\/4373\/revisions"}],"predecessor-version":[{"id":4374,"href":"https:\/\/comerciodeibiza.com\/es\/wp-json\/wp\/v2\/posts\/4373\/revisions\/4374"}],"wp:featuredmedia":[{"embeddable":true,"href":"https:\/\/comerciodeibiza.com\/es\/wp-json\/wp\/v2\/media\/4372"}],"wp:attachment":[{"href":"https:\/\/comerciodeibiza.com\/es\/wp-json\/wp\/v2\/media?parent=4373"}],"wp:term":[{"taxonomy":"category","embeddable":true,"href":"https:\/\/comerciodeibiza.com\/es\/wp-json\/wp\/v2\/categories?post=4373"},{"taxonomy":"post_tag","embeddable":true,"href":"https:\/\/comerciodeibiza.com\/es\/wp-json\/wp\/v2\/tags?post=4373"}],"curies":[{"name":"wp","href":"https:\/\/api.w.org\/{rel}","templated":true}]}}